{"id":912,"date":"2025-02-04T16:34:18","date_gmt":"2025-02-04T16:34:18","guid":{"rendered":"https:\/\/patriciawild.org\/?p=912"},"modified":"2025-02-04T16:36:28","modified_gmt":"2025-02-04T16:36:28","slug":"live-simultaneous-interpretation-in-english-and-spanish-for-the-media-and-for-martin-gauss-ceo-and-chairman-of-the-executive-board-of-airbaltic","status":"publish","type":"post","link":"https:\/\/patriciawild.org\/en\/live-simultaneous-interpretation-in-english-and-spanish-for-the-media-and-for-martin-gauss-ceo-and-chairman-of-the-executive-board-of-airbaltic\/","title":{"rendered":"Live simultaneous interpretation in English and Spanish for the media and for Martin Gauss, CEO and Chairman of the Executive Board of airBaltic."},"content":{"rendered":"<div class=\"wp-block-columns is-layout-flex wp-container-core-columns-is-layout-9d6595d7 wp-block-columns-is-layout-flex\">\n<div class=\"wp-block-column is-layout-flow wp-block-column-is-layout-flow\"><\/div>\n\n\n\n<div class=\"wp-block-column is-layout-flow wp-block-column-is-layout-flow\"><\/div>\n<\/div>\n\n\n\n<figure class=\"wp-block-image size-large\"><img loading=\"lazy\" decoding=\"async\" width=\"1024\" height=\"540\" src=\"https:\/\/patriciawild.org\/wp-content\/uploads\/2025\/02\/avion-1024x540.jpg\" alt=\"\" class=\"wp-image-923\" srcset=\"https:\/\/patriciawild.org\/wp-content\/uploads\/2025\/02\/avion-1024x540.jpg 1024w, https:\/\/patriciawild.org\/wp-content\/uploads\/2025\/02\/avion-300x158.jpg 300w, https:\/\/patriciawild.org\/wp-content\/uploads\/2025\/02\/avion-768x405.jpg 768w, https:\/\/patriciawild.org\/wp-content\/uploads\/2025\/02\/avion-1536x810.jpg 1536w, https:\/\/patriciawild.org\/wp-content\/uploads\/2025\/02\/avion-18x9.jpg 18w, https:\/\/patriciawild.org\/wp-content\/uploads\/2025\/02\/avion-830x438.jpg 830w, https:\/\/patriciawild.org\/wp-content\/uploads\/2025\/02\/avion-230x121.jpg 230w, https:\/\/patriciawild.org\/wp-content\/uploads\/2025\/02\/avion-350x185.jpg 350w, https:\/\/patriciawild.org\/wp-content\/uploads\/2025\/02\/avion-480x253.jpg 480w, https:\/\/patriciawild.org\/wp-content\/uploads\/2025\/02\/avion.jpg 1600w\" sizes=\"auto, (max-width: 1024px) 100vw, 1024px\" \/><\/figure>\n\n\n\n<div class=\"wp-block-columns is-layout-flex wp-container-core-columns-is-layout-9d6595d7 wp-block-columns-is-layout-flex\">\n<div class=\"wp-block-column is-layout-flow wp-block-column-is-layout-flow\">\n<p>Sociedad Uruguaya de Aviaci\u00f3n (SUA L\u00edneas A\u00e9reas), Europe&#8217;s airBaltic and aircraft manufacturer Airbus; will begin operations in the last quarter of 2025 to connect Uruguay with cities in Argentina, Brazil, Paraguay and Chile.<\/p>\n\n\n\n<p>The company will have six aircrafts, create 300 jobs, and will be based at Carrasco airport, Montevideo, Uruguay.<\/p>\n<\/div>\n\n\n\n<div class=\"wp-block-column is-layout-flow wp-block-column-is-layout-flow\">\n<p><strong>Interpretaci\u00f3n simultanea ingl\u00e9s y espa\u00f1ol en vivo para los medios y para Martin Gauss, presidente y director ejecutivo de AIRBALTIC<\/strong><\/p>\n\n\n\n<p>Sociedad Uruguaya de Aviaci\u00f3n (SUA L\u00edneas A\u00e9reas), la europea airBaltic y el fabricante de aviones Airbus; empezaran a operar en el \u00faltimo trimestre de 2025 para conectar a Uruguay con ciudades de Argentina, Brasil, Paraguay y Chile.<\/p>\n\n\n\n<p>La compa\u00f1\u00eda tendr\u00e1 seis aviones, generar\u00e1 300 puestos de trabajo y su base de operaciones ser\u00e1 el Aeropuerto de Carrasco, Montevideo, Uruguay.<\/p>\n<\/div>\n<\/div>\n\n\n\n<figure class=\"wp-block-image size-large\"><img loading=\"lazy\" decoding=\"async\" width=\"1024\" height=\"544\" src=\"https:\/\/patriciawild.org\/wp-content\/uploads\/2025\/02\/sua1-ESTE-1024x544.jpg\" alt=\"\" class=\"wp-image-920\" srcset=\"https:\/\/patriciawild.org\/wp-content\/uploads\/2025\/02\/sua1-ESTE-1024x544.jpg 1024w, https:\/\/patriciawild.org\/wp-content\/uploads\/2025\/02\/sua1-ESTE-300x159.jpg 300w, https:\/\/patriciawild.org\/wp-content\/uploads\/2025\/02\/sua1-ESTE-768x408.jpg 768w, https:\/\/patriciawild.org\/wp-content\/uploads\/2025\/02\/sua1-ESTE-1536x816.jpg 1536w, https:\/\/patriciawild.org\/wp-content\/uploads\/2025\/02\/sua1-ESTE-18x10.jpg 18w, https:\/\/patriciawild.org\/wp-content\/uploads\/2025\/02\/sua1-ESTE-830x441.jpg 830w, https:\/\/patriciawild.org\/wp-content\/uploads\/2025\/02\/sua1-ESTE-230x122.jpg 230w, https:\/\/patriciawild.org\/wp-content\/uploads\/2025\/02\/sua1-ESTE-350x186.jpg 350w, https:\/\/patriciawild.org\/wp-content\/uploads\/2025\/02\/sua1-ESTE-480x255.jpg 480w, https:\/\/patriciawild.org\/wp-content\/uploads\/2025\/02\/sua1-ESTE.jpg 1600w\" sizes=\"auto, (max-width: 1024px) 100vw, 1024px\" \/><\/figure>\n\n\n\n<p><\/p>","protected":false},"excerpt":{"rendered":"<p>Sociedad Uruguaya de Aviaci\u00f3n (SUA L\u00edneas A\u00e9reas), Europe&#8217;s airBaltic and aircraft manufacturer Airbus; will begin operations in the last quarter of 2025 to connect Uruguay with cities in Argentina, Brazil, Paraguay and Chile. The company will have six aircrafts, create 300 jobs, and will be based at Carrasco airport, Montevideo, Uruguay. Interpretaci\u00f3n simultanea ingl\u00e9s y [&hellip;]<\/p>","protected":false},"author":3,"featured_media":917,"comment_status":"closed","ping_status":"open","sticky":false,"template":"","format":"standard","meta":{"footnotes":""},"categories":[9,7,1],"tags":[13,31,29,26,11,12,14,16,10],"class_list":["post-912","post","type-post","status-publish","format-standard","has-post-thumbnail","hentry","category-news","category-noticias","category-uncategorized","tag-english","tag-ingles","tag-interpretacion-simultanea","tag-interprete","tag-interpreter","tag-simultaneous","tag-spanish","tag-traduccion","tag-translator"],"_links":{"self":[{"href":"https:\/\/patriciawild.org\/en\/wp-json\/wp\/v2\/posts\/912","targetHints":{"allow":["GET"]}}],"collection":[{"href":"https:\/\/patriciawild.org\/en\/wp-json\/wp\/v2\/posts"}],"about":[{"href":"https:\/\/patriciawild.org\/en\/wp-json\/wp\/v2\/types\/post"}],"author":[{"embeddable":true,"href":"https:\/\/patriciawild.org\/en\/wp-json\/wp\/v2\/users\/3"}],"replies":[{"embeddable":true,"href":"https:\/\/patriciawild.org\/en\/wp-json\/wp\/v2\/comments?post=912"}],"version-history":[{"count":3,"href":"https:\/\/patriciawild.org\/en\/wp-json\/wp\/v2\/posts\/912\/revisions"}],"predecessor-version":[{"id":924,"href":"https:\/\/patriciawild.org\/en\/wp-json\/wp\/v2\/posts\/912\/revisions\/924"}],"wp:featuredmedia":[{"embeddable":true,"href":"https:\/\/patriciawild.org\/en\/wp-json\/wp\/v2\/media\/917"}],"wp:attachment":[{"href":"https:\/\/patriciawild.org\/en\/wp-json\/wp\/v2\/media?parent=912"}],"wp:term":[{"taxonomy":"category","embeddable":true,"href":"https:\/\/patriciawild.org\/en\/wp-json\/wp\/v2\/categories?post=912"},{"taxonomy":"post_tag","embeddable":true,"href":"https:\/\/patriciawild.org\/en\/wp-json\/wp\/v2\/tags?post=912"}],"curies":[{"name":"wp","href":"https:\/\/api.w.org\/{rel}","templated":true}]}}