{"id":873,"date":"2024-09-01T21:56:43","date_gmt":"2024-09-01T21:56:43","guid":{"rendered":"https:\/\/patriciawild.org\/?p=873"},"modified":"2024-09-02T11:29:10","modified_gmt":"2024-09-02T11:29:10","slug":"interpretes-para-la-compania-quimica-mas-grande-del-mundo-basf","status":"publish","type":"post","link":"https:\/\/patriciawild.org\/en\/interpretes-para-la-compania-quimica-mas-grande-del-mundo-basf\/","title":{"rendered":"Interpreters for the World&#8217;s Leading Chemical Company &#8211; BASF"},"content":{"rendered":"<div class=\"wp-block-columns is-layout-flex wp-container-core-columns-is-layout-9d6595d7 wp-block-columns-is-layout-flex\">\n<div class=\"wp-block-column is-layout-flow wp-block-column-is-layout-flow\">\n<p>La compa\u00f1\u00eda qu\u00edmica m\u00e1s grande del mundo celebr\u00f3 el 10.\u00ba aniversario de BASF Services Americas en Uruguay con m\u00e1s de 1100 empleados y anuncio la creaci\u00f3n de un Hub Digital en el pa\u00eds que emplear\u00e1 a otras 120 personas.<\/p>\n\n\n\n<p>Estamos felices y orgullosos de haber sido contratados una vez m\u00e1s para actuar como puente entre el ingl\u00e9s y el espa\u00f1ol para los funcionarios uruguayos del Gobierno y los Directores de la sede central de BASF en Alemania.<br><a href=\"https:\/\/www.basf.com\/es\/es\/who-we-are\/digitalization\">https:\/\/www.basf.com\/es\/es\/who-we-are\/digitalization<\/a><\/p>\n<\/div>\n\n\n\n<div class=\"wp-block-column is-layout-flow wp-block-column-is-layout-flow\">\n<p>The world&#8217;s leading chemical company celebrated its 10<sup>th<\/sup> anniversary of BASF Services Americas in Uruguay with more than 1,100 employees and announced the creation of a Digital Hub in the country that will employ an additional 120 people.<\/p>\n\n\n\n<p>We are happy and proud to have been hired once again to act as a bridge between English and Spanish for Uruguayan Officers of Government and Directors from BASF Headquarters Germany.<br><a href=\"https:\/\/www.basf.com\/es\/es\/who-we-are\/digitalization\">https:\/\/www.basf.com\/es\/es\/who-we-are\/digitalization<\/a><\/p>\n\n\n\n<p><\/p>\n<\/div>\n<\/div>\n\n\n\n<figure class=\"wp-block-gallery has-nested-images columns-default is-cropped wp-block-gallery-1 is-layout-flex wp-block-gallery-is-layout-flex\">\n<figure class=\"wp-block-image size-large\"><img loading=\"lazy\" decoding=\"async\" width=\"1024\" height=\"768\" data-id=\"875\" src=\"https:\/\/patriciawild.org\/wp-content\/uploads\/2024\/09\/basf-1-1024x768.jpeg\" alt=\"\" class=\"wp-image-875\" srcset=\"https:\/\/patriciawild.org\/wp-content\/uploads\/2024\/09\/basf-1-1024x768.jpeg 1024w, https:\/\/patriciawild.org\/wp-content\/uploads\/2024\/09\/basf-1-300x225.jpeg 300w, https:\/\/patriciawild.org\/wp-content\/uploads\/2024\/09\/basf-1-768x576.jpeg 768w, https:\/\/patriciawild.org\/wp-content\/uploads\/2024\/09\/basf-1-1536x1152.jpeg 1536w, https:\/\/patriciawild.org\/wp-content\/uploads\/2024\/09\/basf-1-16x12.jpeg 16w, https:\/\/patriciawild.org\/wp-content\/uploads\/2024\/09\/basf-1-830x623.jpeg 830w, https:\/\/patriciawild.org\/wp-content\/uploads\/2024\/09\/basf-1-230x173.jpeg 230w, https:\/\/patriciawild.org\/wp-content\/uploads\/2024\/09\/basf-1-350x263.jpeg 350w, https:\/\/patriciawild.org\/wp-content\/uploads\/2024\/09\/basf-1-480x360.jpeg 480w, https:\/\/patriciawild.org\/wp-content\/uploads\/2024\/09\/basf-1.jpeg 1600w\" sizes=\"auto, (max-width: 1024px) 100vw, 1024px\" \/><\/figure>\n<\/figure>\n\n\n\n<figure class=\"wp-block-image size-large\"><img loading=\"lazy\" decoding=\"async\" width=\"1024\" height=\"576\" src=\"https:\/\/patriciawild.org\/wp-content\/uploads\/2024\/09\/basf-gerencia-1024x576.jpg\" alt=\"\" class=\"wp-image-874\" srcset=\"https:\/\/patriciawild.org\/wp-content\/uploads\/2024\/09\/basf-gerencia-1024x576.jpg 1024w, https:\/\/patriciawild.org\/wp-content\/uploads\/2024\/09\/basf-gerencia-300x169.jpg 300w, https:\/\/patriciawild.org\/wp-content\/uploads\/2024\/09\/basf-gerencia-768x432.jpg 768w, https:\/\/patriciawild.org\/wp-content\/uploads\/2024\/09\/basf-gerencia-1536x864.jpg 1536w, https:\/\/patriciawild.org\/wp-content\/uploads\/2024\/09\/basf-gerencia-18x10.jpg 18w, https:\/\/patriciawild.org\/wp-content\/uploads\/2024\/09\/basf-gerencia-830x467.jpg 830w, https:\/\/patriciawild.org\/wp-content\/uploads\/2024\/09\/basf-gerencia-230x129.jpg 230w, https:\/\/patriciawild.org\/wp-content\/uploads\/2024\/09\/basf-gerencia-350x197.jpg 350w, https:\/\/patriciawild.org\/wp-content\/uploads\/2024\/09\/basf-gerencia-480x270.jpg 480w, https:\/\/patriciawild.org\/wp-content\/uploads\/2024\/09\/basf-gerencia.jpg 1600w\" sizes=\"auto, (max-width: 1024px) 100vw, 1024px\" \/><\/figure>","protected":false},"excerpt":{"rendered":"<p>La compa\u00f1\u00eda qu\u00edmica m\u00e1s grande del mundo celebr\u00f3 el 10.\u00ba aniversario de BASF Services Americas en Uruguay con m\u00e1s de 1100 empleados y anuncio la creaci\u00f3n de un Hub Digital en el pa\u00eds que emplear\u00e1 a otras 120 personas. Estamos felices y orgullosos de haber sido contratados una vez m\u00e1s para actuar como puente entre [&hellip;]<\/p>","protected":false},"author":3,"featured_media":875,"comment_status":"closed","ping_status":"open","sticky":false,"template":"","format":"standard","meta":{"footnotes":""},"categories":[9,7,1],"tags":[13,15,17,26,11,12,14,16,10],"class_list":["post-873","post","type-post","status-publish","format-standard","has-post-thumbnail","hentry","category-news","category-noticias","category-uncategorized","tag-english","tag-interpretacion","tag-interpretacionsimultanea","tag-interprete","tag-interpreter","tag-simultaneous","tag-spanish","tag-traduccion","tag-translator"],"_links":{"self":[{"href":"https:\/\/patriciawild.org\/en\/wp-json\/wp\/v2\/posts\/873","targetHints":{"allow":["GET"]}}],"collection":[{"href":"https:\/\/patriciawild.org\/en\/wp-json\/wp\/v2\/posts"}],"about":[{"href":"https:\/\/patriciawild.org\/en\/wp-json\/wp\/v2\/types\/post"}],"author":[{"embeddable":true,"href":"https:\/\/patriciawild.org\/en\/wp-json\/wp\/v2\/users\/3"}],"replies":[{"embeddable":true,"href":"https:\/\/patriciawild.org\/en\/wp-json\/wp\/v2\/comments?post=873"}],"version-history":[{"count":4,"href":"https:\/\/patriciawild.org\/en\/wp-json\/wp\/v2\/posts\/873\/revisions"}],"predecessor-version":[{"id":881,"href":"https:\/\/patriciawild.org\/en\/wp-json\/wp\/v2\/posts\/873\/revisions\/881"}],"wp:featuredmedia":[{"embeddable":true,"href":"https:\/\/patriciawild.org\/en\/wp-json\/wp\/v2\/media\/875"}],"wp:attachment":[{"href":"https:\/\/patriciawild.org\/en\/wp-json\/wp\/v2\/media?parent=873"}],"wp:term":[{"taxonomy":"category","embeddable":true,"href":"https:\/\/patriciawild.org\/en\/wp-json\/wp\/v2\/categories?post=873"},{"taxonomy":"post_tag","embeddable":true,"href":"https:\/\/patriciawild.org\/en\/wp-json\/wp\/v2\/tags?post=873"}],"curies":[{"name":"wp","href":"https:\/\/api.w.org\/{rel}","templated":true}]}}