{"id":747,"date":"2023-05-19T15:42:09","date_gmt":"2023-05-19T15:42:09","guid":{"rendered":"https:\/\/patriciawild.org\/?p=747"},"modified":"2023-05-19T15:42:09","modified_gmt":"2023-05-19T15:42:09","slug":"interpretacion-en-vivo-en-primer-foro-de-inversion-de-america-latina-en-uruguay","status":"publish","type":"post","link":"https:\/\/patriciawild.org\/en\/interpretacion-en-vivo-en-primer-foro-de-inversion-de-america-latina-en-uruguay\/","title":{"rendered":"Interpretacion en vivo en primer foro de Inversi\u00f3n de Am\u00e9rica Latina en Uruguay"},"content":{"rendered":"<p><img loading=\"lazy\" decoding=\"async\" src=\"https:\/\/patriciawild.org\/wp-content\/uploads\/2023\/05\/b26a3fc6-951b-4a82-9309-53dc0d17bb45-1024x768.jpg\" sizes=\"auto, (max-width: 1024px) 100vw, 1024px\" srcset=\"https:\/\/patriciawild.org\/wp-content\/uploads\/2023\/05\/b26a3fc6-951b-4a82-9309-53dc0d17bb45-1024x768.jpg 1024w, https:\/\/patriciawild.org\/wp-content\/uploads\/2023\/05\/b26a3fc6-951b-4a82-9309-53dc0d17bb45-300x225.jpg 300w, https:\/\/patriciawild.org\/wp-content\/uploads\/2023\/05\/b26a3fc6-951b-4a82-9309-53dc0d17bb45-768x576.jpg 768w, https:\/\/patriciawild.org\/wp-content\/uploads\/2023\/05\/b26a3fc6-951b-4a82-9309-53dc0d17bb45-830x623.jpg 830w, https:\/\/patriciawild.org\/wp-content\/uploads\/2023\/05\/b26a3fc6-951b-4a82-9309-53dc0d17bb45-230x173.jpg 230w, https:\/\/patriciawild.org\/wp-content\/uploads\/2023\/05\/b26a3fc6-951b-4a82-9309-53dc0d17bb45-350x263.jpg 350w, https:\/\/patriciawild.org\/wp-content\/uploads\/2023\/05\/b26a3fc6-951b-4a82-9309-53dc0d17bb45-480x360.jpg 480w, https:\/\/patriciawild.org\/wp-content\/uploads\/2023\/05\/b26a3fc6-951b-4a82-9309-53dc0d17bb45.jpg 1600w\" alt=\"\" width=\"1024\" height=\"768\" \/><\/p>\n<p><strong>IRENA Agencia Internacional de Energ\u00edas Renovables <\/strong>anuncia el primer Foro de Inversi\u00f3n de Am\u00e9rica Latina en Uruguay<\/p>\n<p>La Agencia llama al registro de proyectos de energ\u00edas renovables para tener la oportunidad de ser considerados para su financiaci\u00f3n por parte de inversionistas y financiadores.<\/p>\n<p>El primer Foro de Inversi\u00f3n de Am\u00e9rica Latina de IRENA fue anunciado en Montevideo por el Director General de la Agencia Internacional de Energ\u00edas Renovables (IRENA), el Sr. Francesco La Camera. El Gobierno de Uruguay, encabezado por el Ministro de Industria, Energ\u00eda y Miner\u00eda, Omar Paganini y el Viceministro Walter Verri, acordaron ser sede del evento en Uruguay<\/p>\n<p><b>International Renewable Energy Agency \u2013 IRENA <\/b>is pleased to announce the First Latin American Investment Forum in Uruguay<\/p>\n<p>Agency calls for registration of renewable energy projects in order to be considered for funding by investors and financiers<\/p>\n<p>IRENA\u2019s first ever Investment Forum in Latin America was announced in Montevideo by the Director-General of the International Renewable Energy Agency (IRENA), Mr. Francesco La Camera. The Government of Uruguay, led by Minister of Industry, Energy and Mining, Mr. Omar Paganini and Deputy Minister Mr. Walter Verri, agreed to host the event in Uruguay<\/p>\n<p><a href=\"https:\/\/www.facebook.com\/interpretacionytraduccion\" target=\"_blank\" rel=\"noopener\"><br \/>\nFacebook<br \/>\n<\/a><br \/>\n<a href=\"https:\/\/www.instagram.com\/interpretacionytraduccionesuy\/\" target=\"_blank\" rel=\"noopener\"><br \/>\nInstagram<br \/>\n<\/a><br \/>\n<a href=\"https:\/\/www.linkedin.com\/in\/patriciawild\/\" target=\"_blank\" rel=\"noopener\"><br \/>\nLinkedin<br \/>\n<\/a><\/p>","protected":false},"excerpt":{"rendered":"<p>IRENA Agencia Internacional de Energ\u00edas Renovables anuncia el primer Foro de Inversi\u00f3n de Am\u00e9rica Latina en Uruguay La Agencia llama al registro de proyectos de energ\u00edas renovables para tener la oportunidad de ser considerados para su financiaci\u00f3n por parte de inversionistas y financiadores. El primer Foro de Inversi\u00f3n de Am\u00e9rica Latina de IRENA fue anunciado [&hellip;]<\/p>","protected":false},"author":3,"featured_media":748,"comment_status":"closed","ping_status":"open","sticky":false,"template":"","format":"standard","meta":{"footnotes":""},"categories":[9,7],"tags":[],"class_list":["post-747","post","type-post","status-publish","format-standard","has-post-thumbnail","hentry","category-news","category-noticias"],"_links":{"self":[{"href":"https:\/\/patriciawild.org\/en\/wp-json\/wp\/v2\/posts\/747","targetHints":{"allow":["GET"]}}],"collection":[{"href":"https:\/\/patriciawild.org\/en\/wp-json\/wp\/v2\/posts"}],"about":[{"href":"https:\/\/patriciawild.org\/en\/wp-json\/wp\/v2\/types\/post"}],"author":[{"embeddable":true,"href":"https:\/\/patriciawild.org\/en\/wp-json\/wp\/v2\/users\/3"}],"replies":[{"embeddable":true,"href":"https:\/\/patriciawild.org\/en\/wp-json\/wp\/v2\/comments?post=747"}],"version-history":[{"count":3,"href":"https:\/\/patriciawild.org\/en\/wp-json\/wp\/v2\/posts\/747\/revisions"}],"predecessor-version":[{"id":751,"href":"https:\/\/patriciawild.org\/en\/wp-json\/wp\/v2\/posts\/747\/revisions\/751"}],"wp:featuredmedia":[{"embeddable":true,"href":"https:\/\/patriciawild.org\/en\/wp-json\/wp\/v2\/media\/748"}],"wp:attachment":[{"href":"https:\/\/patriciawild.org\/en\/wp-json\/wp\/v2\/media?parent=747"}],"wp:term":[{"taxonomy":"category","embeddable":true,"href":"https:\/\/patriciawild.org\/en\/wp-json\/wp\/v2\/categories?post=747"},{"taxonomy":"post_tag","embeddable":true,"href":"https:\/\/patriciawild.org\/en\/wp-json\/wp\/v2\/tags?post=747"}],"curies":[{"name":"wp","href":"https:\/\/api.w.org\/{rel}","templated":true}]}}